{"id":5860,"date":"2026-03-05T05:10:40","date_gmt":"2026-03-05T04:10:40","guid":{"rendered":"https:\/\/fni62.com\/?p=5860"},"modified":"2026-03-05T05:10:41","modified_gmt":"2026-03-05T04:10:41","slug":"apres-midi-des-idel-a-hesdin","status":"publish","type":"post","link":"https:\/\/fni62.com\/index.php\/2026\/03\/05\/apres-midi-des-idel-a-hesdin\/","title":{"rendered":"Apr\u00e8s-midi des IDEL \u00e0 Hesdin"},"content":{"rendered":"\n<p>Ce mardi apr\u00e8s-midi, les infirmiers lib\u00e9raux du secteur se sont r\u00e9unis \u00e0 Hesdin pour un nouveau temps d\u2019\u00e9change convivial et constructif organis\u00e9 par la FNI62.<\/p>\n\n\n\n<p>Dans la continuit\u00e9 des rencontres d\u00e9j\u00e0 organis\u00e9es \u00e0 Saint-Pol-sur-Ternoise et Avesnes-le-Comte, cet apr\u00e8s-midi a permis aux IDEL de partager leurs exp\u00e9riences de terrain, d\u2019\u00e9voquer les probl\u00e9matiques actuelles de la profession et de renforcer les liens entre confr\u00e8res et cons\u0153urs. Un moment riche en discussions, en informations syndicales et en perspectives d\u2019actions locales.<\/p>\n\n\n\n<p>La FNI62 remercie \u00e9galement les deux partenaires pr\u00e9sents pour leur disponibilit\u00e9 et la qualit\u00e9 de leurs \u00e9changes :<\/p>\n\n\n\n<p><strong>Alban Deramond \u2013 ConvaTec<\/strong><br>06 87 95 36 29<\/p>\n\n\n\n<p><strong>Thibault Gantiez \u2013 AXA<\/strong><br>07 43 30 43 43<\/p>\n\n\n\n<p>Leur engagement aux c\u00f4t\u00e9s des infirmiers lib\u00e9raux contribue \u00e0 faire de ces rencontres de v\u00e9ritables temps forts professionnels.<\/p>\n\n\n\n<p>La FNI62 poursuit ainsi sa dynamique de proximit\u00e9, au plus pr\u00e8s du terrain et des r\u00e9alit\u00e9s quotidiennes des IDEL. D\u2019autres rendez-vous seront prochainement propos\u00e9s afin de continuer \u00e0 faire vivre le r\u00e9seau et porter la voix des infirmiers lib\u00e9raux.<\/p>\n","protected":false},"excerpt":{"rendered":"<p class=\"teaser\">Ce mardi apr\u00e8s-midi, les infirmiers lib\u00e9raux du secteur se sont r\u00e9unis \u00e0 Hesdin pour un nouveau temps d\u2019\u00e9change convivial et constructif organis\u00e9 par la FNI62. Dans la continuit\u00e9 des rencontres d\u00e9j\u00e0 organis\u00e9es \u00e0 Saint-Pol-sur-Ternoise et Avesnes-le-Comte, cet apr\u00e8s-midi a permis aux IDEL de partager leurs exp\u00e9riences de terrain, d\u2019\u00e9voquer les probl\u00e9matiques actuelles de la profession &hellip;<\/p>\n","protected":false},"author":3,"featured_media":5861,"comment_status":"closed","ping_status":"closed","sticky":false,"template":"","format":"standard","meta":{"footnotes":""},"categories":[6],"tags":[],"class_list":["post-5860","post","type-post","status-publish","format-standard","has-post-thumbnail","hentry","category-news"],"yoast_head":"<!-- This site is optimized with the Yoast SEO plugin v26.0 - https:\/\/yoast.com\/wordpress\/plugins\/seo\/ -->\n<title>Apr\u00e8s-midi des IDEL \u00e0 Hesdin - FNI 62<\/title>\n<meta name=\"robots\" content=\"index, follow, max-snippet:-1, max-image-preview:large, max-video-preview:-1\" \/>\n<link rel=\"canonical\" href=\"https:\/\/fni62.com\/index.php\/2026\/03\/05\/apres-midi-des-idel-a-hesdin\/\" \/>\n<meta property=\"og:locale\" content=\"fr_FR\" \/>\n<meta property=\"og:type\" content=\"article\" \/>\n<meta property=\"og:title\" content=\"Apr\u00e8s-midi des IDEL \u00e0 Hesdin - FNI 62\" \/>\n<meta property=\"og:description\" content=\"Ce mardi apr\u00e8s-midi, les infirmiers lib\u00e9raux du secteur se sont r\u00e9unis \u00e0 Hesdin pour un nouveau temps d\u2019\u00e9change convivial et constructif organis\u00e9 par la FNI62. Dans la continuit\u00e9 des rencontres d\u00e9j\u00e0 organis\u00e9es \u00e0 Saint-Pol-sur-Ternoise et Avesnes-le-Comte, cet apr\u00e8s-midi a permis aux IDEL de partager leurs exp\u00e9riences de terrain, d\u2019\u00e9voquer les probl\u00e9matiques actuelles de la profession &hellip;\" \/>\n<meta property=\"og:url\" content=\"https:\/\/fni62.com\/index.php\/2026\/03\/05\/apres-midi-des-idel-a-hesdin\/\" \/>\n<meta property=\"og:site_name\" content=\"FNI 62\" \/>\n<meta property=\"article:publisher\" content=\"https:\/\/www.facebook.com\/FNI62\" \/>\n<meta property=\"article:published_time\" content=\"2026-03-05T04:10:40+00:00\" \/>\n<meta property=\"article:modified_time\" content=\"2026-03-05T04:10:41+00:00\" \/>\n<meta property=\"og:image\" content=\"http:\/\/fni62.com\/wp-content\/uploads\/2026\/03\/pro-g5SoB4ix.jpeg\" \/>\n\t<meta property=\"og:image:width\" content=\"1287\" \/>\n\t<meta property=\"og:image:height\" content=\"631\" \/>\n\t<meta property=\"og:image:type\" content=\"image\/jpeg\" \/>\n<meta name=\"author\" content=\"Bastien\" \/>\n<meta name=\"twitter:card\" content=\"summary_large_image\" \/>\n<meta name=\"twitter:label1\" content=\"\u00c9crit par\" \/>\n\t<meta name=\"twitter:data1\" content=\"Bastien\" \/>\n\t<meta name=\"twitter:label2\" content=\"Dur\u00e9e de lecture estim\u00e9e\" \/>\n\t<meta name=\"twitter:data2\" content=\"2 minutes\" \/>\n<script type=\"application\/ld+json\" class=\"yoast-schema-graph\">{\"@context\":\"https:\/\/schema.org\",\"@graph\":[{\"@type\":\"Article\",\"@id\":\"https:\/\/fni62.com\/index.php\/2026\/03\/05\/apres-midi-des-idel-a-hesdin\/#article\",\"isPartOf\":{\"@id\":\"https:\/\/fni62.com\/index.php\/2026\/03\/05\/apres-midi-des-idel-a-hesdin\/\"},\"author\":{\"name\":\"Bastien\",\"@id\":\"https:\/\/fni62.com\/#\/schema\/person\/e131c46b1b2e524ed443ca3e5732cf6c\"},\"headline\":\"Apr\u00e8s-midi des IDEL \u00e0 Hesdin\",\"datePublished\":\"2026-03-05T04:10:40+00:00\",\"dateModified\":\"2026-03-05T04:10:41+00:00\",\"mainEntityOfPage\":{\"@id\":\"https:\/\/fni62.com\/index.php\/2026\/03\/05\/apres-midi-des-idel-a-hesdin\/\"},\"wordCount\":183,\"publisher\":{\"@id\":\"https:\/\/fni62.com\/#organization\"},\"image\":{\"@id\":\"https:\/\/fni62.com\/index.php\/2026\/03\/05\/apres-midi-des-idel-a-hesdin\/#primaryimage\"},\"thumbnailUrl\":\"https:\/\/fni62.com\/wp-content\/uploads\/2026\/03\/pro-g5SoB4ix.jpeg\",\"articleSection\":[\"News\"],\"inLanguage\":\"fr-FR\"},{\"@type\":\"WebPage\",\"@id\":\"https:\/\/fni62.com\/index.php\/2026\/03\/05\/apres-midi-des-idel-a-hesdin\/\",\"url\":\"https:\/\/fni62.com\/index.php\/2026\/03\/05\/apres-midi-des-idel-a-hesdin\/\",\"name\":\"Apr\u00e8s-midi des IDEL \u00e0 Hesdin - FNI 62\",\"isPartOf\":{\"@id\":\"https:\/\/fni62.com\/#website\"},\"primaryImageOfPage\":{\"@id\":\"https:\/\/fni62.com\/index.php\/2026\/03\/05\/apres-midi-des-idel-a-hesdin\/#primaryimage\"},\"image\":{\"@id\":\"https:\/\/fni62.com\/index.php\/2026\/03\/05\/apres-midi-des-idel-a-hesdin\/#primaryimage\"},\"thumbnailUrl\":\"https:\/\/fni62.com\/wp-content\/uploads\/2026\/03\/pro-g5SoB4ix.jpeg\",\"datePublished\":\"2026-03-05T04:10:40+00:00\",\"dateModified\":\"2026-03-05T04:10:41+00:00\",\"breadcrumb\":{\"@id\":\"https:\/\/fni62.com\/index.php\/2026\/03\/05\/apres-midi-des-idel-a-hesdin\/#breadcrumb\"},\"inLanguage\":\"fr-FR\",\"potentialAction\":[{\"@type\":\"ReadAction\",\"target\":[\"https:\/\/fni62.com\/index.php\/2026\/03\/05\/apres-midi-des-idel-a-hesdin\/\"]}]},{\"@type\":\"ImageObject\",\"inLanguage\":\"fr-FR\",\"@id\":\"https:\/\/fni62.com\/index.php\/2026\/03\/05\/apres-midi-des-idel-a-hesdin\/#primaryimage\",\"url\":\"https:\/\/fni62.com\/wp-content\/uploads\/2026\/03\/pro-g5SoB4ix.jpeg\",\"contentUrl\":\"https:\/\/fni62.com\/wp-content\/uploads\/2026\/03\/pro-g5SoB4ix.jpeg\",\"width\":1287,\"height\":631},{\"@type\":\"BreadcrumbList\",\"@id\":\"https:\/\/fni62.com\/index.php\/2026\/03\/05\/apres-midi-des-idel-a-hesdin\/#breadcrumb\",\"itemListElement\":[{\"@type\":\"ListItem\",\"position\":1,\"name\":\"Accueil\",\"item\":\"https:\/\/fni62.com\/\"},{\"@type\":\"ListItem\",\"position\":2,\"name\":\"Apr\u00e8s-midi des IDEL \u00e0 Hesdin\"}]},{\"@type\":\"WebSite\",\"@id\":\"https:\/\/fni62.com\/#website\",\"url\":\"https:\/\/fni62.com\/\",\"name\":\"FNI 62\",\"description\":\"Dire ce que l&#039;on fait et faire ce que l&#039;on dit !\",\"publisher\":{\"@id\":\"https:\/\/fni62.com\/#organization\"},\"potentialAction\":[{\"@type\":\"SearchAction\",\"target\":{\"@type\":\"EntryPoint\",\"urlTemplate\":\"https:\/\/fni62.com\/?s={search_term_string}\"},\"query-input\":{\"@type\":\"PropertyValueSpecification\",\"valueRequired\":true,\"valueName\":\"search_term_string\"}}],\"inLanguage\":\"fr-FR\"},{\"@type\":\"Organization\",\"@id\":\"https:\/\/fni62.com\/#organization\",\"name\":\"FNI 62\",\"url\":\"https:\/\/fni62.com\/\",\"logo\":{\"@type\":\"ImageObject\",\"inLanguage\":\"fr-FR\",\"@id\":\"https:\/\/fni62.com\/#\/schema\/logo\/image\/\",\"url\":\"http:\/\/fni62.com\/wp-content\/uploads\/2024\/12\/cropped-Avatar.png\",\"contentUrl\":\"http:\/\/fni62.com\/wp-content\/uploads\/2024\/12\/cropped-Avatar.png\",\"width\":512,\"height\":512,\"caption\":\"FNI 62\"},\"image\":{\"@id\":\"https:\/\/fni62.com\/#\/schema\/logo\/image\/\"},\"sameAs\":[\"https:\/\/www.facebook.com\/FNI62\"]},{\"@type\":\"Person\",\"@id\":\"https:\/\/fni62.com\/#\/schema\/person\/e131c46b1b2e524ed443ca3e5732cf6c\",\"name\":\"Bastien\",\"image\":{\"@type\":\"ImageObject\",\"inLanguage\":\"fr-FR\",\"@id\":\"https:\/\/fni62.com\/#\/schema\/person\/image\/\",\"url\":\"https:\/\/secure.gravatar.com\/avatar\/c675d95360088a0f6b70016dd34ef0c1444ee0bbbfb790218870197e9d8d8efb?s=96&d=mm&r=g\",\"contentUrl\":\"https:\/\/secure.gravatar.com\/avatar\/c675d95360088a0f6b70016dd34ef0c1444ee0bbbfb790218870197e9d8d8efb?s=96&d=mm&r=g\",\"caption\":\"Bastien\"},\"url\":\"https:\/\/fni62.com\/index.php\/author\/bastien\/\"}]}<\/script>\n<!-- \/ Yoast SEO plugin. -->","yoast_head_json":{"title":"Apr\u00e8s-midi des IDEL \u00e0 Hesdin - FNI 62","robots":{"index":"index","follow":"follow","max-snippet":"max-snippet:-1","max-image-preview":"max-image-preview:large","max-video-preview":"max-video-preview:-1"},"canonical":"https:\/\/fni62.com\/index.php\/2026\/03\/05\/apres-midi-des-idel-a-hesdin\/","og_locale":"fr_FR","og_type":"article","og_title":"Apr\u00e8s-midi des IDEL \u00e0 Hesdin - FNI 62","og_description":"Ce mardi apr\u00e8s-midi, les infirmiers lib\u00e9raux du secteur se sont r\u00e9unis \u00e0 Hesdin pour un nouveau temps d\u2019\u00e9change convivial et constructif organis\u00e9 par la FNI62. Dans la continuit\u00e9 des rencontres d\u00e9j\u00e0 organis\u00e9es \u00e0 Saint-Pol-sur-Ternoise et Avesnes-le-Comte, cet apr\u00e8s-midi a permis aux IDEL de partager leurs exp\u00e9riences de terrain, d\u2019\u00e9voquer les probl\u00e9matiques actuelles de la profession &hellip;","og_url":"https:\/\/fni62.com\/index.php\/2026\/03\/05\/apres-midi-des-idel-a-hesdin\/","og_site_name":"FNI 62","article_publisher":"https:\/\/www.facebook.com\/FNI62","article_published_time":"2026-03-05T04:10:40+00:00","article_modified_time":"2026-03-05T04:10:41+00:00","og_image":[{"width":1287,"height":631,"url":"http:\/\/fni62.com\/wp-content\/uploads\/2026\/03\/pro-g5SoB4ix.jpeg","type":"image\/jpeg"}],"author":"Bastien","twitter_card":"summary_large_image","twitter_misc":{"\u00c9crit par":"Bastien","Dur\u00e9e de lecture estim\u00e9e":"2 minutes"},"schema":{"@context":"https:\/\/schema.org","@graph":[{"@type":"Article","@id":"https:\/\/fni62.com\/index.php\/2026\/03\/05\/apres-midi-des-idel-a-hesdin\/#article","isPartOf":{"@id":"https:\/\/fni62.com\/index.php\/2026\/03\/05\/apres-midi-des-idel-a-hesdin\/"},"author":{"name":"Bastien","@id":"https:\/\/fni62.com\/#\/schema\/person\/e131c46b1b2e524ed443ca3e5732cf6c"},"headline":"Apr\u00e8s-midi des IDEL \u00e0 Hesdin","datePublished":"2026-03-05T04:10:40+00:00","dateModified":"2026-03-05T04:10:41+00:00","mainEntityOfPage":{"@id":"https:\/\/fni62.com\/index.php\/2026\/03\/05\/apres-midi-des-idel-a-hesdin\/"},"wordCount":183,"publisher":{"@id":"https:\/\/fni62.com\/#organization"},"image":{"@id":"https:\/\/fni62.com\/index.php\/2026\/03\/05\/apres-midi-des-idel-a-hesdin\/#primaryimage"},"thumbnailUrl":"https:\/\/fni62.com\/wp-content\/uploads\/2026\/03\/pro-g5SoB4ix.jpeg","articleSection":["News"],"inLanguage":"fr-FR"},{"@type":"WebPage","@id":"https:\/\/fni62.com\/index.php\/2026\/03\/05\/apres-midi-des-idel-a-hesdin\/","url":"https:\/\/fni62.com\/index.php\/2026\/03\/05\/apres-midi-des-idel-a-hesdin\/","name":"Apr\u00e8s-midi des IDEL \u00e0 Hesdin - FNI 62","isPartOf":{"@id":"https:\/\/fni62.com\/#website"},"primaryImageOfPage":{"@id":"https:\/\/fni62.com\/index.php\/2026\/03\/05\/apres-midi-des-idel-a-hesdin\/#primaryimage"},"image":{"@id":"https:\/\/fni62.com\/index.php\/2026\/03\/05\/apres-midi-des-idel-a-hesdin\/#primaryimage"},"thumbnailUrl":"https:\/\/fni62.com\/wp-content\/uploads\/2026\/03\/pro-g5SoB4ix.jpeg","datePublished":"2026-03-05T04:10:40+00:00","dateModified":"2026-03-05T04:10:41+00:00","breadcrumb":{"@id":"https:\/\/fni62.com\/index.php\/2026\/03\/05\/apres-midi-des-idel-a-hesdin\/#breadcrumb"},"inLanguage":"fr-FR","potentialAction":[{"@type":"ReadAction","target":["https:\/\/fni62.com\/index.php\/2026\/03\/05\/apres-midi-des-idel-a-hesdin\/"]}]},{"@type":"ImageObject","inLanguage":"fr-FR","@id":"https:\/\/fni62.com\/index.php\/2026\/03\/05\/apres-midi-des-idel-a-hesdin\/#primaryimage","url":"https:\/\/fni62.com\/wp-content\/uploads\/2026\/03\/pro-g5SoB4ix.jpeg","contentUrl":"https:\/\/fni62.com\/wp-content\/uploads\/2026\/03\/pro-g5SoB4ix.jpeg","width":1287,"height":631},{"@type":"BreadcrumbList","@id":"https:\/\/fni62.com\/index.php\/2026\/03\/05\/apres-midi-des-idel-a-hesdin\/#breadcrumb","itemListElement":[{"@type":"ListItem","position":1,"name":"Accueil","item":"https:\/\/fni62.com\/"},{"@type":"ListItem","position":2,"name":"Apr\u00e8s-midi des IDEL \u00e0 Hesdin"}]},{"@type":"WebSite","@id":"https:\/\/fni62.com\/#website","url":"https:\/\/fni62.com\/","name":"FNI 62","description":"Dire ce que l&#039;on fait et faire ce que l&#039;on dit !","publisher":{"@id":"https:\/\/fni62.com\/#organization"},"potentialAction":[{"@type":"SearchAction","target":{"@type":"EntryPoint","urlTemplate":"https:\/\/fni62.com\/?s={search_term_string}"},"query-input":{"@type":"PropertyValueSpecification","valueRequired":true,"valueName":"search_term_string"}}],"inLanguage":"fr-FR"},{"@type":"Organization","@id":"https:\/\/fni62.com\/#organization","name":"FNI 62","url":"https:\/\/fni62.com\/","logo":{"@type":"ImageObject","inLanguage":"fr-FR","@id":"https:\/\/fni62.com\/#\/schema\/logo\/image\/","url":"http:\/\/fni62.com\/wp-content\/uploads\/2024\/12\/cropped-Avatar.png","contentUrl":"http:\/\/fni62.com\/wp-content\/uploads\/2024\/12\/cropped-Avatar.png","width":512,"height":512,"caption":"FNI 62"},"image":{"@id":"https:\/\/fni62.com\/#\/schema\/logo\/image\/"},"sameAs":["https:\/\/www.facebook.com\/FNI62"]},{"@type":"Person","@id":"https:\/\/fni62.com\/#\/schema\/person\/e131c46b1b2e524ed443ca3e5732cf6c","name":"Bastien","image":{"@type":"ImageObject","inLanguage":"fr-FR","@id":"https:\/\/fni62.com\/#\/schema\/person\/image\/","url":"https:\/\/secure.gravatar.com\/avatar\/c675d95360088a0f6b70016dd34ef0c1444ee0bbbfb790218870197e9d8d8efb?s=96&d=mm&r=g","contentUrl":"https:\/\/secure.gravatar.com\/avatar\/c675d95360088a0f6b70016dd34ef0c1444ee0bbbfb790218870197e9d8d8efb?s=96&d=mm&r=g","caption":"Bastien"},"url":"https:\/\/fni62.com\/index.php\/author\/bastien\/"}]}},"_links":{"self":[{"href":"https:\/\/fni62.com\/index.php\/wp-json\/wp\/v2\/posts\/5860","targetHints":{"allow":["GET"]}}],"collection":[{"href":"https:\/\/fni62.com\/index.php\/wp-json\/wp\/v2\/posts"}],"about":[{"href":"https:\/\/fni62.com\/index.php\/wp-json\/wp\/v2\/types\/post"}],"author":[{"embeddable":true,"href":"https:\/\/fni62.com\/index.php\/wp-json\/wp\/v2\/users\/3"}],"replies":[{"embeddable":true,"href":"https:\/\/fni62.com\/index.php\/wp-json\/wp\/v2\/comments?post=5860"}],"version-history":[{"count":1,"href":"https:\/\/fni62.com\/index.php\/wp-json\/wp\/v2\/posts\/5860\/revisions"}],"predecessor-version":[{"id":5862,"href":"https:\/\/fni62.com\/index.php\/wp-json\/wp\/v2\/posts\/5860\/revisions\/5862"}],"wp:featuredmedia":[{"embeddable":true,"href":"https:\/\/fni62.com\/index.php\/wp-json\/wp\/v2\/media\/5861"}],"wp:attachment":[{"href":"https:\/\/fni62.com\/index.php\/wp-json\/wp\/v2\/media?parent=5860"}],"wp:term":[{"taxonomy":"category","embeddable":true,"href":"https:\/\/fni62.com\/index.php\/wp-json\/wp\/v2\/categories?post=5860"},{"taxonomy":"post_tag","embeddable":true,"href":"https:\/\/fni62.com\/index.php\/wp-json\/wp\/v2\/tags?post=5860"}],"curies":[{"name":"wp","href":"https:\/\/api.w.org\/{rel}","templated":true}]}}